{"id":1314,"date":"2026-04-14T16:20:21","date_gmt":"2026-04-14T15:20:21","guid":{"rendered":"https:\/\/www.vyseo-communication.com\/"},"modified":"2026-04-14T16:26:04","modified_gmt":"2026-04-14T15:26:04","slug":"reseaux-sociaux-a-saint-herblain-developpez-votre-presence-digitale","status":"publish","type":"article-ref","link":"https:\/\/www.vyseo-communication.com\/reseaux-sociaux-a-saint-herblain-developpez-votre-presence-digitale\/","title":{"rendered":"R\u00e9seaux sociaux \u00e0 Saint-Herblain : d\u00e9veloppez votre pr\u00e9sence digitale"},"content":{"rendered":"\n<p><strong>Les r\u00e9seaux sociaux \u00e0 Saint-Herblain<\/strong> sont devenus un levier incontournable pour les entreprises souhaitant se d\u00e9marquer dans un environnement \u00e9conomique dynamique. Situ\u00e9e au c\u0153ur de la m\u00e9tropole nantaise, la ville b\u00e9n\u00e9ficie d\u2019un tissu \u00e9conomique dense compos\u00e9 de commerces, PME et grandes entreprises. Dans ce contexte, la pr\u00e9sence digitale est essentielle pour capter l\u2019attention des clients locaux et renforcer sa notori\u00e9t\u00e9. Une <strong>agence social m\u00e9dia \u00e0 Saint-Herblain<\/strong> permet d\u2019accompagner les entreprises dans la mise en place d\u2019une strat\u00e9gie efficace, adapt\u00e9e aux sp\u00e9cificit\u00e9s du march\u00e9 local et aux attentes des consommateurs.<\/p>\n\n\n\n<h2 class=\"wp-block-heading\">Pourquoi les r\u00e9seaux sociaux sont essentiels \u00e0 Saint-Herblain<\/h2>\n\n\n\n<p>En France, plus de 80 % de la population utilise activement les <strong><a href=\"https:\/\/www.vyseo-communication.com\/reseaux-sociaux-nantes-44\/\">r\u00e9seaux sociaux<\/a><\/strong>, ce qui en fait un canal incontournable pour les entreprises. \u00c0 <strong>Saint-Herblain<\/strong>, cette tendance se confirme avec une population connect\u00e9e et exigeante.<\/p>\n\n\n\n<h3 class=\"wp-block-heading\">Un territoire hyper-connect\u00e9<\/h3>\n\n\n\n<p>La proximit\u00e9 avec Nantes et son dynamisme num\u00e9rique favorisent une forte utilisation des plateformes sociales. Les habitants recherchent des informations locales, des recommandations et interagissent r\u00e9guli\u00e8rement avec les entreprises en ligne.<\/p>\n\n\n\n<h3 class=\"wp-block-heading\">Secteurs locaux qui en b\u00e9n\u00e9ficient<\/h3>\n\n\n\n<p>De nombreux secteurs tirent profit des <strong>r\u00e9seaux sociaux<\/strong> : commerces de proximit\u00e9, restauration, immobilier, services aux entreprises ou encore artisanat. Ces outils permettent d\u2019augmenter la visibilit\u00e9, de fid\u00e9liser la client\u00e8le et de g\u00e9n\u00e9rer des opportunit\u00e9s commerciales.<\/p>\n\n\n\n<h2 class=\"wp-block-heading\">Pourquoi confier vos r\u00e9seaux sociaux \u00e0 un expert local ?<\/h2>\n\n\n\n<p>G\u00e9rer efficacement ses <strong>r\u00e9seaux sociaux<\/strong> demande du temps, des comp\u00e9tences et une connaissance fine du march\u00e9.<\/p>\n\n\n\n<h3 class=\"wp-block-heading\">La connaissance du terrain<\/h3>\n\n\n\n<p>Une <strong>agence social m\u00e9dia \u00e0 Saint-Herblain<\/strong> conna\u00eet les sp\u00e9cificit\u00e9s locales, les attentes des consommateurs et les tendances du march\u00e9. Elle adapte votre strat\u00e9gie pour maximiser votre impact.<\/p>\n\n\n\n<h3 class=\"wp-block-heading\">Proximit\u00e9 et r\u00e9activit\u00e9 terrain<\/h3>\n\n\n\n<p>Travailler avec un expert local garantit une meilleure communication, une grande r\u00e9activit\u00e9 et des actions cibl\u00e9es, notamment via des campagnes publicitaires g\u00e9olocalis\u00e9es (Meta Ads, LinkedIn Ads).<\/p>\n\n\n\n<h2 class=\"wp-block-heading\">Nos services social m\u00e9dia pour Saint-Herblain<\/h2>\n\n\n\n<p>Nous accompagnons les entreprises avec des solutions compl\u00e8tes pour d\u00e9velopper leur pr\u00e9sence en ligne.<\/p>\n\n\n\n<h3 class=\"wp-block-heading\">Strat\u00e9gie \u00e9ditoriale<\/h3>\n\n\n\n<p>D\u00e9finition d\u2019une ligne \u00e9ditoriale coh\u00e9rente avec votre image et vos objectifs.<\/p>\n\n\n\n<h3 class=\"wp-block-heading\">Community Management<\/h3>\n\n\n\n<p>Gestion quotidienne de vos <strong>r\u00e9seaux sociaux<\/strong> : publications, mod\u00e9ration, interaction avec votre communaut\u00e9.<\/p>\n\n\n\n<h3 class=\"wp-block-heading\">Social Ads<\/h3>\n\n\n\n<p>Cr\u00e9ation et gestion de campagnes publicitaires performantes pour toucher une audience locale qualifi\u00e9e.<\/p>\n\n\n\n<h2 class=\"wp-block-heading\">Vys\u00e9o Communication : votre agence Social Media \u00e0 Saint-Herblain<\/h2>\n\n\n\n<p><strong>Vys\u00e9o Communication<\/strong> accompagne les entreprises dans leur d\u00e9veloppement digital avec une approche personnalis\u00e9e et orient\u00e9e r\u00e9sultats. Notre agence met son expertise au service des TPE et PME pour am\u00e9liorer leur visibilit\u00e9 et leur performance en ligne.<\/p>\n\n\n\n<h3 class=\"wp-block-heading\">Qui sommes-nous ?<\/h3>\n\n\n\n<p>Une agence sp\u00e9cialis\u00e9e en communication digitale et social media, proche de ses clients et ancr\u00e9e localement.<\/p>\n\n\n\n<h3 class=\"wp-block-heading\">Notre expertise 360\u00b0<\/h3>\n\n\n\n<p>Nous combinons strat\u00e9gie social media, cr\u00e9ation de contenu et r\u00e9f\u00e9rencement SEO pour maximiser votre impact digital.<\/p>\n\n\n\n<h3 class=\"wp-block-heading\">Pourquoi nous<\/h3>\n\n\n\n<p>Une approche sur mesure, des r\u00e9sultats mesurables et une connaissance approfondie du tissu \u00e9conomique local.<\/p>\n\n\n\n<h2 class=\"wp-block-heading\">Nos zones de couverture<\/h2>\n\n\n\n<p>Bas\u00e9e \u00e0 proximit\u00e9 de <strong>Saint-Herblain<\/strong>, notre agence intervient sur l\u2019ensemble de la m\u00e9tropole nantaise et au-del\u00e0. Nous accompagnons les entreprises situ\u00e9es \u00e0 <strong>Nantes, Rez\u00e9, Bouguenais, Orvault, Vertou, Cou\u00ebron, Carquefou, La Chapelle-sur-Erdre, Saint-S\u00e9bastien-sur-Loire<\/strong>, ainsi que dans les communes environnantes.<\/p>\n\n\n\n<p>Notre expertise s\u2019\u00e9tend \u00e9galement \u00e0 l\u2019ensemble de la Loire-Atlantique et plus largement dans les Pays de la Loire. Nous intervenons notamment dans le <strong>Pays de Retz, \u00e0 Pornic, Saint-Nazaire, La Baule, Challans<\/strong>, ainsi qu\u2019\u00e0 <strong>La Roche-sur-Yon en Vend\u00e9e<\/strong> et <strong>Cholet dans le Maine-et-Loire<\/strong>.<\/p>\n\n\n\n<p>Gr\u00e2ce \u00e0 cette couverture g\u00e9ographique \u00e9tendue, nous proposons un accompagnement de proximit\u00e9 tout en conservant une vision globale des enjeux digitaux r\u00e9gionaux. Notre objectif est de proposer des strat\u00e9gies adapt\u00e9es \u00e0 chaque territoire et \u00e0 chaque entreprise.<\/p>\n\n\n\n<h2 class=\"wp-block-heading\">Conseils pratiques pour les entreprises de Saint-Herblain<\/h2>\n\n\n\n<p>Pour r\u00e9ussir sur les <strong>r\u00e9seaux sociaux<\/strong>, quelques bonnes pratiques sont essentielles :<\/p>\n\n\n\n<ul class=\"wp-block-list\">\n<li><strong>Choisir le bon r\u00e9seau<\/strong> : adaptez votre pr\u00e9sence \u00e0 votre cible (Facebook, Instagram, LinkedIn, etc.)<\/li>\n\n\n\n<li><strong>Publier r\u00e9guli\u00e8rement<\/strong> : la constance est la cl\u00e9 de la visibilit\u00e9<\/li>\n\n\n\n<li><strong>Valoriser l\u2019authenticit\u00e9 locale<\/strong> : mettez en avant votre savoir-faire et votre ancrage territorial<\/li>\n\n\n\n<li><strong>Investir dans la publicit\u00e9 cibl\u00e9e<\/strong> : touchez pr\u00e9cis\u00e9ment votre audience locale<\/li>\n<\/ul>\n\n\n\n<h2 class=\"wp-block-heading\">Conclusion : Saint-Herblain, territoire d\u2019avenir pour votre marque<\/h2>\n\n\n\n<p><strong>Saint-Herblain<\/strong> offre un environnement id\u00e9al pour d\u00e9velopper votre pr\u00e9sence digitale. Gr\u00e2ce aux <strong>r\u00e9seaux sociaux<\/strong>, les entreprises peuvent renforcer leur visibilit\u00e9, cr\u00e9er du lien avec leur audience et g\u00e9n\u00e9rer de nouvelles opportunit\u00e9s. Dans un march\u00e9 concurrentiel, une strat\u00e9gie bien pens\u00e9e fait toute la diff\u00e9rence.<\/p>\n\n\n\n<h2 class=\"wp-block-heading\">Contactez-nous pour d\u00e9velopper votre pr\u00e9sence sur les r\u00e9seaux sociaux \u00e0 Saint-Herblain<\/h2>\n\n\n\n<p>Vous souhaitez d\u00e9velopper vos <strong>r\u00e9seaux sociaux \u00e0 Saint-Herblain<\/strong> ? <strong>Vys\u00e9o Communication<\/strong> vous accompagne avec des solutions sur mesure adapt\u00e9es \u00e0 vos objectifs. Profitez d\u2019un diagnostic gratuit pour analyser votre pr\u00e9sence digitale et identifier vos axes d\u2019am\u00e9lioration. Nous vous proposons \u00e9galement un devis personnalis\u00e9 pour mettre en place une strat\u00e9gie efficace et performante. <\/p>\n\n\n\n<p><a href=\"https:\/\/www.vyseo-communication.com\/contact-site-internet-44-29\/\" title=\"Contact site internet 44 29\">Contactez-nous<\/a> d\u00e8s aujourd\u2019hui pour donner un nouvel \u00e9lan \u00e0 votre communication digitale.<\/p>\n","protected":false},"excerpt":{"rendered":"<p>R\u00e9seaux sociaux \u00e0 Saint-Herblain : d\u00e9veloppez votre visibilit\u00e9 locale gr\u00e2ce \u00e0 une strat\u00e9gie digitale efficace et adapt\u00e9e pour attirer, engager et convertir vos clients dans un environnement concurrentiel.<\/p>\n","protected":false},"featured_media":0,"template":"","tags":[],"article_ref_category":[198],"class_list":["post-1314","article-ref","type-article-ref","status-publish","hentry","article_ref_category-reseaux-sociaux"],"aioseo_notices":[],"aioseo_head":"\n\t\t<!-- All in One SEO Pro 4.9.6.2 - aioseo.com -->\n\t<meta name=\"description\" content=\"Boostez votre visibilit\u00e9 avec une agence social m\u00e9dia \u00e0 Saint-Herblain. Vys\u00e9o Communication d\u00e9veloppe votre pr\u00e9sence sur les r\u00e9seaux sociaux. Contactez-nous !\" \/>\n\t<meta name=\"robots\" content=\"max-image-preview:large\" \/>\n\t<link rel=\"canonical\" href=\"https:\/\/www.vyseo-communication.com\/reseaux-sociaux-a-saint-herblain-developpez-votre-presence-digitale\/\" \/>\n\t<meta name=\"generator\" content=\"All in One SEO Pro (AIOSEO) 4.9.6.2\" \/>\n\t\t<meta property=\"og:locale\" content=\"fr_FR\" \/>\n\t\t<meta property=\"og:site_name\" content=\"Vys\u00e9o Communication - Un Budget adapt\u00e9 \u00e0 Tous pour votre site Internet\" \/>\n\t\t<meta property=\"og:type\" content=\"article\" \/>\n\t\t<meta property=\"og:title\" content=\"R\u00e9seaux sociaux \u00e0 Saint-Herblain - Vys\u00e9o Communication\" \/>\n\t\t<meta property=\"og:description\" content=\"Boostez votre visibilit\u00e9 avec une agence social m\u00e9dia \u00e0 Saint-Herblain. Vys\u00e9o Communication d\u00e9veloppe votre pr\u00e9sence sur les r\u00e9seaux sociaux. Contactez-nous !\" \/>\n\t\t<meta property=\"og:url\" content=\"https:\/\/www.vyseo-communication.com\/reseaux-sociaux-a-saint-herblain-developpez-votre-presence-digitale\/\" \/>\n\t\t<meta property=\"og:image\" content=\"https:\/\/www.vyseo-communication.com\/media_files\/2025\/11\/logo-vyseo-dark.svg\" \/>\n\t\t<meta property=\"og:image:secure_url\" content=\"https:\/\/www.vyseo-communication.com\/media_files\/2025\/11\/logo-vyseo-dark.svg\" \/>\n\t\t<meta property=\"article:published_time\" content=\"2026-04-14T15:20:21+00:00\" \/>\n\t\t<meta property=\"article:modified_time\" content=\"2026-04-14T15:26:04+00:00\" \/>\n\t\t<meta property=\"article:publisher\" content=\"https:\/\/www.facebook.com\/Vyso-Communication-103944934565593\/\" \/>\n\t\t<meta name=\"twitter:card\" content=\"summary_large_image\" \/>\n\t\t<meta name=\"twitter:title\" content=\"R\u00e9seaux sociaux \u00e0 Saint-Herblain - Vys\u00e9o Communication\" \/>\n\t\t<meta name=\"twitter:description\" content=\"Boostez votre visibilit\u00e9 avec une agence social m\u00e9dia \u00e0 Saint-Herblain. Vys\u00e9o Communication d\u00e9veloppe votre pr\u00e9sence sur les r\u00e9seaux sociaux. Contactez-nous !\" \/>\n\t\t<meta name=\"twitter:image\" content=\"https:\/\/www.vyseo-communication.com\/media_files\/2025\/11\/logo-vyseo-dark.svg\" \/>\n\t\t<script type=\"application\/ld+json\" class=\"aioseo-schema\">\n\t\t\t{\"@context\":\"https:\\\/\\\/schema.org\",\"@graph\":[{\"@type\":\"BreadcrumbList\",\"@id\":\"https:\\\/\\\/www.vyseo-communication.com\\\/reseaux-sociaux-a-saint-herblain-developpez-votre-presence-digitale\\\/#breadcrumblist\",\"itemListElement\":[{\"@type\":\"ListItem\",\"@id\":\"https:\\\/\\\/www.vyseo-communication.com#listItem\",\"position\":1,\"name\":\"Home\",\"item\":\"https:\\\/\\\/www.vyseo-communication.com\",\"nextItem\":{\"@type\":\"ListItem\",\"@id\":\"https:\\\/\\\/www.vyseo-communication.com\\\/reseaux-sociaux\\\/#listItem\",\"name\":\"R\\u00e9seaux sociaux\"}},{\"@type\":\"ListItem\",\"@id\":\"https:\\\/\\\/www.vyseo-communication.com\\\/reseaux-sociaux\\\/#listItem\",\"position\":2,\"name\":\"R\\u00e9seaux sociaux\",\"item\":\"https:\\\/\\\/www.vyseo-communication.com\\\/reseaux-sociaux\\\/\",\"nextItem\":{\"@type\":\"ListItem\",\"@id\":\"https:\\\/\\\/www.vyseo-communication.com\\\/reseaux-sociaux-a-saint-herblain-developpez-votre-presence-digitale\\\/#listItem\",\"name\":\"R\\u00e9seaux sociaux \\u00e0 Saint-Herblain : d\\u00e9veloppez votre pr\\u00e9sence digitale\"},\"previousItem\":{\"@type\":\"ListItem\",\"@id\":\"https:\\\/\\\/www.vyseo-communication.com#listItem\",\"name\":\"Home\"}},{\"@type\":\"ListItem\",\"@id\":\"https:\\\/\\\/www.vyseo-communication.com\\\/reseaux-sociaux-a-saint-herblain-developpez-votre-presence-digitale\\\/#listItem\",\"position\":3,\"name\":\"R\\u00e9seaux sociaux \\u00e0 Saint-Herblain : d\\u00e9veloppez votre pr\\u00e9sence digitale\",\"previousItem\":{\"@type\":\"ListItem\",\"@id\":\"https:\\\/\\\/www.vyseo-communication.com\\\/reseaux-sociaux\\\/#listItem\",\"name\":\"R\\u00e9seaux sociaux\"}}]},{\"@type\":\"Organization\",\"@id\":\"https:\\\/\\\/www.vyseo-communication.com\\\/#organization\",\"name\":\"Vys\\u00e9o Communication\",\"description\":\"Un Budget adapt\\u00e9 \\u00e0 Tous pour votre site Internet\",\"url\":\"https:\\\/\\\/www.vyseo-communication.com\\\/\",\"email\":\"vyseo.communication@gmail.com\",\"telephone\":\"+33687553698\",\"logo\":{\"@type\":\"ImageObject\",\"url\":\"https:\\\/\\\/www.vyseo-communication.com\\\/wp-content\\\/uploads\\\/2025\\\/11\\\/logo-vyseo-dark.svg\",\"@id\":\"https:\\\/\\\/www.vyseo-communication.com\\\/reseaux-sociaux-a-saint-herblain-developpez-votre-presence-digitale\\\/#organizationLogo\"},\"image\":{\"@id\":\"https:\\\/\\\/www.vyseo-communication.com\\\/reseaux-sociaux-a-saint-herblain-developpez-votre-presence-digitale\\\/#organizationLogo\"},\"sameAs\":[\"https:\\\/\\\/www.facebook.com\\\/Vyso-Communication-103944934565593\\\/\",\"https:\\\/\\\/www.instagram.com\\\/vyseocommunication\\\/\",\"https:\\\/\\\/www.linkedin.com\\\/company\\\/vyso-communication\\\/?viewAsMember=true\"],\"address\":{\"@id\":\"https:\\\/\\\/www.vyseo-communication.com\\\/#postaladdress\",\"@type\":\"PostalAddress\",\"streetAddress\":\"1 avenue des jades,\",\"postalCode\":\"44300\",\"addressLocality\":\"Nantes\",\"addressCountry\":\"FR\"},\"taxID\":\"FR09882382518\"},{\"@type\":\"WebPage\",\"@id\":\"https:\\\/\\\/www.vyseo-communication.com\\\/reseaux-sociaux-a-saint-herblain-developpez-votre-presence-digitale\\\/#webpage\",\"url\":\"https:\\\/\\\/www.vyseo-communication.com\\\/reseaux-sociaux-a-saint-herblain-developpez-votre-presence-digitale\\\/\",\"name\":\"R\\u00e9seaux sociaux \\u00e0 Saint-Herblain - Vys\\u00e9o Communication\",\"description\":\"Boostez votre visibilit\\u00e9 avec une agence social m\\u00e9dia \\u00e0 Saint-Herblain. Vys\\u00e9o Communication d\\u00e9veloppe votre pr\\u00e9sence sur les r\\u00e9seaux sociaux. Contactez-nous !\",\"inLanguage\":\"fr-FR\",\"isPartOf\":{\"@id\":\"https:\\\/\\\/www.vyseo-communication.com\\\/#website\"},\"breadcrumb\":{\"@id\":\"https:\\\/\\\/www.vyseo-communication.com\\\/reseaux-sociaux-a-saint-herblain-developpez-votre-presence-digitale\\\/#breadcrumblist\"},\"datePublished\":\"2026-04-14T16:20:21+01:00\",\"dateModified\":\"2026-04-14T16:26:04+01:00\"},{\"@type\":\"WebSite\",\"@id\":\"https:\\\/\\\/www.vyseo-communication.com\\\/#website\",\"url\":\"https:\\\/\\\/www.vyseo-communication.com\\\/\",\"name\":\"Vys\\u00e9o Communication\",\"description\":\"Un Budget adapt\\u00e9 \\u00e0 Tous pour votre site Internet\",\"inLanguage\":\"fr-FR\",\"publisher\":{\"@id\":\"https:\\\/\\\/www.vyseo-communication.com\\\/#organization\"}}]}\n\t\t<\/script>\n\t\t<!-- All in One SEO Pro -->\r\n\t\t<title>R\u00e9seaux sociaux \u00e0 Saint-Herblain - Vys\u00e9o Communication<\/title>\n\n","aioseo_head_json":{"title":"R\u00e9seaux sociaux \u00e0 Saint-Herblain - Vys\u00e9o Communication","description":"Boostez votre visibilit\u00e9 avec une agence social m\u00e9dia \u00e0 Saint-Herblain. Vys\u00e9o Communication d\u00e9veloppe votre pr\u00e9sence sur les r\u00e9seaux sociaux. Contactez-nous !","canonical_url":"https:\/\/www.vyseo-communication.com\/reseaux-sociaux-a-saint-herblain-developpez-votre-presence-digitale\/","robots":"max-image-preview:large","keywords":"","webmasterTools":{"miscellaneous":""},"schema":{"@context":"https:\/\/schema.org","@graph":[{"@type":"BreadcrumbList","@id":"https:\/\/www.vyseo-communication.com\/reseaux-sociaux-a-saint-herblain-developpez-votre-presence-digitale\/#breadcrumblist","itemListElement":[{"@type":"ListItem","@id":"https:\/\/www.vyseo-communication.com#listItem","position":1,"name":"Home","item":"https:\/\/www.vyseo-communication.com","nextItem":{"@type":"ListItem","@id":"https:\/\/www.vyseo-communication.com\/reseaux-sociaux\/#listItem","name":"R\u00e9seaux sociaux"}},{"@type":"ListItem","@id":"https:\/\/www.vyseo-communication.com\/reseaux-sociaux\/#listItem","position":2,"name":"R\u00e9seaux sociaux","item":"https:\/\/www.vyseo-communication.com\/reseaux-sociaux\/","nextItem":{"@type":"ListItem","@id":"https:\/\/www.vyseo-communication.com\/reseaux-sociaux-a-saint-herblain-developpez-votre-presence-digitale\/#listItem","name":"R\u00e9seaux sociaux \u00e0 Saint-Herblain : d\u00e9veloppez votre pr\u00e9sence digitale"},"previousItem":{"@type":"ListItem","@id":"https:\/\/www.vyseo-communication.com#listItem","name":"Home"}},{"@type":"ListItem","@id":"https:\/\/www.vyseo-communication.com\/reseaux-sociaux-a-saint-herblain-developpez-votre-presence-digitale\/#listItem","position":3,"name":"R\u00e9seaux sociaux \u00e0 Saint-Herblain : d\u00e9veloppez votre pr\u00e9sence digitale","previousItem":{"@type":"ListItem","@id":"https:\/\/www.vyseo-communication.com\/reseaux-sociaux\/#listItem","name":"R\u00e9seaux sociaux"}}]},{"@type":"Organization","@id":"https:\/\/www.vyseo-communication.com\/#organization","name":"Vys\u00e9o Communication","description":"Un Budget adapt\u00e9 \u00e0 Tous pour votre site Internet","url":"https:\/\/www.vyseo-communication.com\/","email":"vyseo.communication@gmail.com","telephone":"+33687553698","logo":{"@type":"ImageObject","url":"https:\/\/www.vyseo-communication.com\/media_files\/2025\/11\/logo-vyseo-dark.svg","@id":"https:\/\/www.vyseo-communication.com\/reseaux-sociaux-a-saint-herblain-developpez-votre-presence-digitale\/#organizationLogo"},"image":{"@id":"https:\/\/www.vyseo-communication.com\/reseaux-sociaux-a-saint-herblain-developpez-votre-presence-digitale\/#organizationLogo"},"sameAs":["https:\/\/www.facebook.com\/Vyso-Communication-103944934565593\/","https:\/\/www.instagram.com\/vyseocommunication\/","https:\/\/www.linkedin.com\/company\/vyso-communication\/?viewAsMember=true"],"address":{"@id":"https:\/\/www.vyseo-communication.com\/#postaladdress","@type":"PostalAddress","streetAddress":"1 avenue des jades,","postalCode":"44300","addressLocality":"Nantes","addressCountry":"FR"},"taxID":"FR09882382518"},{"@type":"WebPage","@id":"https:\/\/www.vyseo-communication.com\/reseaux-sociaux-a-saint-herblain-developpez-votre-presence-digitale\/#webpage","url":"https:\/\/www.vyseo-communication.com\/reseaux-sociaux-a-saint-herblain-developpez-votre-presence-digitale\/","name":"R\u00e9seaux sociaux \u00e0 Saint-Herblain - Vys\u00e9o Communication","description":"Boostez votre visibilit\u00e9 avec une agence social m\u00e9dia \u00e0 Saint-Herblain. Vys\u00e9o Communication d\u00e9veloppe votre pr\u00e9sence sur les r\u00e9seaux sociaux. Contactez-nous !","inLanguage":"fr-FR","isPartOf":{"@id":"https:\/\/www.vyseo-communication.com\/#website"},"breadcrumb":{"@id":"https:\/\/www.vyseo-communication.com\/reseaux-sociaux-a-saint-herblain-developpez-votre-presence-digitale\/#breadcrumblist"},"datePublished":"2026-04-14T16:20:21+01:00","dateModified":"2026-04-14T16:26:04+01:00"},{"@type":"WebSite","@id":"https:\/\/www.vyseo-communication.com\/#website","url":"https:\/\/www.vyseo-communication.com\/","name":"Vys\u00e9o Communication","description":"Un Budget adapt\u00e9 \u00e0 Tous pour votre site Internet","inLanguage":"fr-FR","publisher":{"@id":"https:\/\/www.vyseo-communication.com\/#organization"}}]},"og:locale":"fr_FR","og:site_name":"Vys\u00e9o Communication - Un Budget adapt\u00e9 \u00e0 Tous pour votre site Internet","og:type":"article","og:title":"R\u00e9seaux sociaux \u00e0 Saint-Herblain - Vys\u00e9o Communication","og:description":"Boostez votre visibilit\u00e9 avec une agence social m\u00e9dia \u00e0 Saint-Herblain. Vys\u00e9o Communication d\u00e9veloppe votre pr\u00e9sence sur les r\u00e9seaux sociaux. Contactez-nous !","og:url":"https:\/\/www.vyseo-communication.com\/reseaux-sociaux-a-saint-herblain-developpez-votre-presence-digitale\/","og:image":"https:\/\/www.vyseo-communication.com\/media_files\/2025\/11\/logo-vyseo-dark.svg","og:image:secure_url":"https:\/\/www.vyseo-communication.com\/media_files\/2025\/11\/logo-vyseo-dark.svg","article:published_time":"2026-04-14T15:20:21+00:00","article:modified_time":"2026-04-14T15:26:04+00:00","article:publisher":"https:\/\/www.facebook.com\/Vyso-Communication-103944934565593\/","twitter:card":"summary_large_image","twitter:title":"R\u00e9seaux sociaux \u00e0 Saint-Herblain - Vys\u00e9o Communication","twitter:description":"Boostez votre visibilit\u00e9 avec une agence social m\u00e9dia \u00e0 Saint-Herblain. Vys\u00e9o Communication d\u00e9veloppe votre pr\u00e9sence sur les r\u00e9seaux sociaux. Contactez-nous !","twitter:image":"https:\/\/www.vyseo-communication.com\/media_files\/2025\/11\/logo-vyseo-dark.svg"},"aioseo_meta_data":{"post_id":"1314","title":"R\u00e9seaux sociaux \u00e0 Saint-Herblain #separator_sa #site_title","description":"Boostez votre visibilit\u00e9 avec une agence social m\u00e9dia \u00e0 Saint-Herblain. Vys\u00e9o Communication d\u00e9veloppe votre pr\u00e9sence sur les r\u00e9seaux sociaux. Contactez-nous !","keywords":null,"keyphrases":{"focus":{"keyphrase":"R\u00e9seaux sociaux","score":90,"analysis":{"keyphraseInTitle":{"score":9,"maxScore":9,"error":0},"keyphraseInDescription":{"score":9,"maxScore":9,"error":0},"keyphraseLength":{"score":9,"maxScore":9,"error":0,"length":3},"keyphraseInURL":{"score":5,"maxScore":5,"error":0},"keyphraseInIntroduction":{"score":9,"maxScore":9,"error":0},"keyphraseInSubHeadings":{"score":3,"maxScore":9,"error":1},"keyphraseInImageAlt":[],"keywordDensity":{"type":"best","score":9,"maxScore":9,"error":0}}},"additional":[{"keyphrase":"Saint-Herblain","score":100,"analysis":{"keyphraseInDescription":{"score":9,"maxScore":9,"error":0},"keyphraseLength":{"score":9,"maxScore":9,"error":0,"length":1},"keyphraseInIntroduction":{"score":9,"maxScore":9,"error":0},"keyphraseInImageAlt":[],"keywordDensity":{"type":"best","score":9,"maxScore":9,"error":0}}}]},"primary_term":null,"canonical_url":null,"og_title":null,"og_description":null,"og_object_type":"default","og_image_type":"default","og_image_url":null,"og_image_width":null,"og_image_height":null,"og_image_custom_url":null,"og_image_custom_fields":null,"og_video":"","og_custom_url":null,"og_article_section":null,"og_article_tags":null,"twitter_use_og":false,"twitter_card":"default","twitter_image_type":"default","twitter_image_url":null,"twitter_image_custom_url":null,"twitter_image_custom_fields":null,"twitter_title":null,"twitter_description":null,"schema":{"blockGraphs":[],"customGraphs":[],"default":{"data":{"Article":[],"Course":[],"Dataset":[],"FAQPage":[],"Movie":[],"Person":[],"Product":[],"ProductReview":[],"Car":[],"Recipe":[],"Service":[],"SoftwareApplication":[],"WebPage":[]},"graphName":"WebPage","isEnabled":true},"graphs":[]},"schema_type":"default","schema_type_options":null,"pillar_content":false,"robots_default":true,"robots_noindex":false,"robots_noarchive":false,"robots_nosnippet":false,"robots_nofollow":false,"robots_noimageindex":false,"robots_noodp":false,"robots_notranslate":false,"robots_max_snippet":"-1","robots_max_videopreview":"-1","robots_max_imagepreview":"large","priority":null,"frequency":"default","local_seo":null,"seo_analyzer_scan_date":"2026-04-14 17:16:41","breadcrumb_settings":null,"limit_modified_date":false,"reviewed_by":"0","open_ai":null,"ai":{"faqs":[],"keyPoints":[],"titles":[],"descriptions":[],"socialPosts":{"email":[],"linkedin":[],"twitter":[],"facebook":[],"instagram":[]}},"created":"2026-04-14 15:14:08","updated":"2026-04-14 17:16:43"},"aioseo_breadcrumb":"<div class=\"aioseo-breadcrumbs\"><span class=\"aioseo-breadcrumb\">\n\t<a href=\"https:\/\/www.vyseo-communication.com\" title=\"Home\">Home<\/a>\n<\/span><span class=\"aioseo-breadcrumb-separator\">&raquo;<\/span><span class=\"aioseo-breadcrumb\">\n\t<a href=\"https:\/\/www.vyseo-communication.com\/reseaux-sociaux\/\" title=\"R\u00e9seaux sociaux\">R\u00e9seaux sociaux<\/a>\n<\/span><span class=\"aioseo-breadcrumb-separator\">&raquo;<\/span><span class=\"aioseo-breadcrumb\">\n\tR\u00e9seaux sociaux \u00e0 Saint-Herblain : d\u00e9veloppez votre pr\u00e9sence digitale\n<\/span><\/div>","aioseo_breadcrumb_json":[{"label":"Home","link":"https:\/\/www.vyseo-communication.com"},{"label":"R\u00e9seaux sociaux","link":"https:\/\/www.vyseo-communication.com\/reseaux-sociaux\/"},{"label":"R\u00e9seaux sociaux \u00e0 Saint-Herblain : d\u00e9veloppez votre pr\u00e9sence digitale","link":"https:\/\/www.vyseo-communication.com\/reseaux-sociaux-a-saint-herblain-developpez-votre-presence-digitale\/"}],"_links":{"self":[{"href":"https:\/\/www.vyseo-communication.com\/api-json\/wp\/v2\/article-ref\/1314","targetHints":{"allow":["GET"]}}],"collection":[{"href":"https:\/\/www.vyseo-communication.com\/api-json\/wp\/v2\/article-ref"}],"about":[{"href":"https:\/\/www.vyseo-communication.com\/api-json\/wp\/v2\/types\/article-ref"}],"version-history":[{"count":3,"href":"https:\/\/www.vyseo-communication.com\/api-json\/wp\/v2\/article-ref\/1314\/revisions"}],"predecessor-version":[{"id":1318,"href":"https:\/\/www.vyseo-communication.com\/api-json\/wp\/v2\/article-ref\/1314\/revisions\/1318"}],"wp:attachment":[{"href":"https:\/\/www.vyseo-communication.com\/api-json\/wp\/v2\/media?parent=1314"}],"wp:term":[{"taxonomy":"post_tag","embeddable":true,"href":"https:\/\/www.vyseo-communication.com\/api-json\/wp\/v2\/tags?post=1314"},{"taxonomy":"article_ref_category","embeddable":true,"href":"https:\/\/www.vyseo-communication.com\/api-json\/wp\/v2\/article_ref_category?post=1314"}],"curies":[{"name":"wp","href":"https:\/\/api.w.org\/{rel}","templated":true}]}}