{"id":1352,"date":"2026-04-27T08:38:48","date_gmt":"2026-04-27T07:38:48","guid":{"rendered":"https:\/\/www.vyseo-communication.com\/"},"modified":"2026-04-27T08:38:52","modified_gmt":"2026-04-27T07:38:52","slug":"reseaux-sociaux-a-haute-goulaine-valorisez-votre-image-et-votre-ancrage-local","status":"publish","type":"article-ref","link":"https:\/\/www.vyseo-communication.com\/reseaux-sociaux-a-haute-goulaine-valorisez-votre-image-et-votre-ancrage-local\/","title":{"rendered":"R\u00e9seaux sociaux \u00e0 Haute-Goulaine : valorisez votre image et votre ancrage local"},"content":{"rendered":"\n<p>Les <strong>r\u00e9seaux sociaux \u00e0 Haute-Goulaine<\/strong> sont un outil de choix pour les professionnels qui souhaitent s&rsquo;appuyer sur la richesse de leur territoire pour se diff\u00e9rencier. Commune viticole au patrimoine remarquable, <strong>Haute-Goulaine<\/strong> b\u00e9n\u00e9ficie d&rsquo;une identit\u00e9 forte et d&rsquo;un cadre de vie recherch\u00e9 qui constituent une mati\u00e8re pr\u00e9cieuse pour construire une image de marque authentique. Dans un march\u00e9 o\u00f9 l&rsquo;authenticit\u00e9 prime, savoir raconter son ancrage local est un atout d\u00e9cisif.<\/p>\n\n\n\n<h2 class=\"wp-block-heading\">Haute-Goulaine : une identit\u00e9 forte \u00e0 valoriser en ligne<\/h2>\n\n\n\n<h3 class=\"wp-block-heading\">Le vignoble et les acteurs locaux<\/h3>\n\n\n\n<p><strong>Haute-Goulaine<\/strong> est intimement li\u00e9e au vignoble du Muscadet, l&rsquo;un des terroirs embl\u00e9matiques de la Loire-Atlantique. Ce patrimoine viticole fa\u00e7onne l&rsquo;image de la commune et de ses acteurs \u00e9conomiques bien au-del\u00e0 des seuls viticulteurs. Restaurateurs, h\u00e9bergeurs, artisans du terroir, producteurs locaux\u2026 tous b\u00e9n\u00e9ficient de ce rayonnement identitaire. Mettre en avant cet ancrage sur les <strong><a href=\"https:\/\/www.vyseo-communication.com\/reseaux-sociaux-nantes-44\/\">r\u00e9seaux sociaux<\/a><\/strong>, c&rsquo;est s&rsquo;associer \u00e0 une image de qualit\u00e9, d&rsquo;authenticit\u00e9 et de savoir-faire qui s\u00e9duit une client\u00e8le exigeante, locale comme touristique.<\/p>\n\n\n\n<h3 class=\"wp-block-heading\">L&rsquo;importance du storytelling territorial<\/h3>\n\n\n\n<p>Le storytelling territorial consiste \u00e0 int\u00e9grer l&rsquo;histoire, le lieu et les valeurs d&rsquo;un territoire dans la communication d&rsquo;une marque ou d&rsquo;un professionnel. \u00c0 <strong>Haute-Goulaine<\/strong>, ce levier est particuli\u00e8rement puissant : les paysages du vignoble, le ch\u00e2teau, les chemins ruraux, les producteurs passionn\u00e9s\u2026 sont autant d&rsquo;\u00e9l\u00e9ments narratifs capables de cr\u00e9er de l&rsquo;\u00e9motion et de la m\u00e9morabilit\u00e9. Sur les <strong>r\u00e9seaux sociaux<\/strong>, une publication qui ancre un produit ou un service dans ce contexte local g\u00e9n\u00e8re un engagement nettement sup\u00e9rieur \u00e0 un contenu g\u00e9n\u00e9rique.<\/p>\n\n\n\n<h3 class=\"wp-block-heading\">Une client\u00e8le attach\u00e9e \u00e0 l&rsquo;authenticit\u00e9<\/h3>\n\n\n\n<p>Les habitants et visiteurs de <strong>Haute-Goulaine<\/strong> partagent souvent un attachement fort \u00e0 l&rsquo;authenticit\u00e9, au circuit court et au local. Cette sensibilit\u00e9 se retrouve dans leurs comportements d&rsquo;achat comme dans leur fa\u00e7on de consommer les <strong>r\u00e9seaux sociaux<\/strong> : ils s&rsquo;engagent davantage avec des marques qui refl\u00e8tent leurs propres valeurs. Pour un professionnel local, aligner sa communication digitale sur ces aspirations est une strat\u00e9gie de diff\u00e9renciation particuli\u00e8rement efficace.<\/p>\n\n\n\n<h2 class=\"wp-block-heading\">R\u00e9seaux sociaux : un levier pour raconter votre histoire<\/h2>\n\n\n\n<h3 class=\"wp-block-heading\">Mettre en avant vos valeurs<\/h3>\n\n\n\n<p>Avant m\u00eame de parler de vos produits ou services, les <strong>r\u00e9seaux sociaux<\/strong> sont l&rsquo;espace o\u00f9 vous pouvez exprimer ce en quoi vous croyez : le go\u00fbt du travail bien fait, le respect du terroir, la relation humaine, l&rsquo;engagement local. Ces valeurs, lorsqu&rsquo;elles sont exprim\u00e9es avec sinc\u00e9rit\u00e9 et r\u00e9gularit\u00e9, constituent le socle d&rsquo;une communaut\u00e9 fid\u00e8le. Elles permettent \u00e0 votre audience de s&rsquo;identifier \u00e0 votre marque et de la recommander naturellement dans son entourage.<\/p>\n\n\n\n<h3 class=\"wp-block-heading\">Cr\u00e9er un univers visuel coh\u00e9rent<\/h3>\n\n\n\n<p>L&rsquo;identit\u00e9 visuelle de vos <strong>r\u00e9seaux sociaux<\/strong> doit refl\u00e9ter l&rsquo;\u00e2me de votre activit\u00e9 et de votre territoire. Palette de couleurs, typographies, style photographique, filtres\u2026 chaque choix contribue \u00e0 cr\u00e9er une impression globale m\u00e9morable. Pour un acteur de <strong>Haute-Goulaine<\/strong>, s&rsquo;inspirer des tons chauds du vignoble, des textures naturelles ou du style patrimonial de la commune peut produire une identit\u00e9 visuelle singuli\u00e8re, imm\u00e9diatement reconnaissable et ancr\u00e9e dans le local.<\/p>\n\n\n\n<h3 class=\"wp-block-heading\">Partager votre histoire et vos coulisses<\/h3>\n\n\n\n<p>Les contenus de type \u00ab\u00a0behind the scenes\u00a0\u00bb&nbsp;: coulisses de fabrication, journ\u00e9e de vendanges, portrait d&rsquo;un artisan, naissance d&rsquo;un projet, g\u00e9n\u00e8rent un fort engagement car ils humanisent la marque. Montrer les hommes et les femmes qui se cachent derri\u00e8re une enseigne, leurs gestes, leurs passions et leurs anecdotes, c&rsquo;est cr\u00e9er une connivence durable avec votre audience. Ces formats sont particuli\u00e8rement adapt\u00e9s aux Reels Instagram, aux Stories Facebook ou aux vid\u00e9os courtes sur LinkedIn.<\/p>\n\n\n\n<h2 class=\"wp-block-heading\">D\u00e9velopper votre branding sur les r\u00e9seaux sociaux<\/h2>\n\n\n\n<h3 class=\"wp-block-heading\">Choix des visuels et tonalit\u00e9<\/h3>\n\n\n\n<p>Le branding sur les <strong>r\u00e9seaux sociaux<\/strong> repose sur deux piliers indissociables : le visuel et la voix. Le choix des visuels&nbsp;: photographies, illustrations, mises en page doit \u00eatre coh\u00e9rent avec l&rsquo;univers de votre marque et les attentes de votre cible. La tonalit\u00e9 r\u00e9dactionnelle, quant \u00e0 elle, refl\u00e8te la personnalit\u00e9 de votre entreprise : chaleureuse, experte, po\u00e9tique, directe\u2026 Elle doit rester constante d&rsquo;une publication \u00e0 l&rsquo;autre pour installer une identit\u00e9 forte et reconnaissable.<\/p>\n\n\n\n<h3 class=\"wp-block-heading\">Coh\u00e9rence entre site web et r\u00e9seaux sociaux<\/h3>\n\n\n\n<p>Une erreur fr\u00e9quente consiste \u00e0 dissocier l&rsquo;identit\u00e9 du site web de celle des <strong>r\u00e9seaux sociaux<\/strong>. Or, un client qui passe de l&rsquo;un \u00e0 l&rsquo;autre doit retrouver la m\u00eame atmosph\u00e8re, les m\u00eames couleurs, le m\u00eame ton. Cette coh\u00e9rence renforce la confiance et la cr\u00e9dibilit\u00e9 de votre marque. Elle facilite \u00e9galement la m\u00e9morisation : plus une identit\u00e9 est homog\u00e8ne et r\u00e9p\u00e9t\u00e9e sur diff\u00e9rents canaux, plus elle s&rsquo;ancre dans l&rsquo;esprit de vos prospects.<\/p>\n\n\n\n<h3 class=\"wp-block-heading\">R\u00e9gularit\u00e9 et professionnalisme<\/h3>\n\n\n\n<p>La r\u00e9gularit\u00e9 des publications est l&rsquo;un des facteurs les plus d\u00e9terminants dans la construction d&rsquo;une image professionnelle sur les <strong>r\u00e9seaux sociaux<\/strong>. Un profil inactif depuis plusieurs semaines envoie un signal n\u00e9gatif \u00e0 vos visiteurs. \u00c0 l&rsquo;inverse, une pr\u00e9sence constante, planifi\u00e9e et soign\u00e9e t\u00e9moigne du s\u00e9rieux de votre d\u00e9marche. D\u00e9finir un calendrier \u00e9ditorial et s&rsquo;y tenir, m\u00eame avec une fr\u00e9quence mod\u00e9r\u00e9e, est bien plus efficace que des publications sporadiques et irr\u00e9guli\u00e8res.<\/p>\n\n\n\n<h2 class=\"wp-block-heading\">L&rsquo;engagement local : cl\u00e9 du succ\u00e8s<\/h2>\n\n\n\n<h3 class=\"wp-block-heading\">R\u00e9pondre aux commentaires et messages<\/h3>\n\n\n\n<p>L&rsquo;engagement ne se limite pas \u00e0 publier du contenu : il implique aussi d&rsquo;\u00e9couter et de r\u00e9pondre. Prendre le temps de r\u00e9pondre aux commentaires, aux questions ou aux messages priv\u00e9s montre \u00e0 votre communaut\u00e9 que derri\u00e8re votre page se trouve une \u00e9quipe attentive et disponible. Ce dialogue cr\u00e9e un sentiment de proximit\u00e9 qui renforce l&rsquo;attachement \u00e0 votre marque et encourage les recommandations. \u00c0 <strong>Haute-Goulaine<\/strong>, o\u00f9 les relations humaines et de voisinage sont valoris\u00e9es, cet aspect est particuli\u00e8rement important.<\/p>\n\n\n\n<h3 class=\"wp-block-heading\">Collaborations locales<\/h3>\n\n\n\n<p>S&rsquo;associer \u00e0 d&rsquo;autres acteurs du territoire&nbsp;: un viticulteur, un artisan, une association locale, un restaurant pour des publications crois\u00e9es est une strat\u00e9gie doublement gagnante. Elle \u00e9largirait naturellement votre audience en touchant les communaut\u00e9s de vos partenaires, tout en renfor\u00e7ant votre image d&rsquo;acteur engag\u00e9 dans la vie locale. Ces collaborations cr\u00e9ent \u00e9galement du contenu original et authentique, qui tranche avec les publications trop commerciales.<\/p>\n\n\n\n<h3 class=\"wp-block-heading\">Organisation de jeux concours ou \u00e9v\u00e9nements<\/h3>\n\n\n\n<p>Les jeux concours et \u00e9v\u00e9nements digitaux sont des acc\u00e9l\u00e9rateurs d&rsquo;engagement et de notori\u00e9t\u00e9. Un concours photo mettant en sc\u00e8ne les paysages du vignoble, un tirage au sort r\u00e9serv\u00e9 aux habitants de <strong>Haute-Goulaine<\/strong> ou la promotion d&rsquo;un \u00e9v\u00e9nement local g\u00e9n\u00e8rent de fortes interactions et \u00e9largissent votre port\u00e9e organique. Ces initiatives, lorsqu&rsquo;elles sont bien con\u00e7ues, cr\u00e9ent un buzz local durable et renforcent le sentiment d&rsquo;appartenance \u00e0 une communaut\u00e9 autour de votre marque.<\/p>\n\n\n\n<h2 class=\"wp-block-heading\">Vys\u00e9o Communication : l&rsquo;agence qui ancre votre identit\u00e9 digitale \u00e0 Haute-Goulaine<\/h2>\n\n\n\n<h3 class=\"wp-block-heading\">Cr\u00e9ation d&rsquo;identit\u00e9 digitale<\/h3>\n\n\n\n<p><strong>Vys\u00e9o Communication<\/strong> accompagne les professionnels de <strong>Haute-Goulaine<\/strong> dans la construction d&rsquo;une identit\u00e9 digitale coh\u00e9rente, m\u00e9morable et ancr\u00e9e dans leur r\u00e9alit\u00e9 locale. Nous travaillons la charte graphique des <strong>r\u00e9seaux sociaux<\/strong>, la ligne \u00e9ditoriale et le positionnement de marque pour cr\u00e9er une pr\u00e9sence en ligne qui vous ressemble vraiment. Notre objectif : que chaque publication soit imm\u00e9diatement identifiable comme la v\u00f4tre et g\u00e9n\u00e8re de la confiance aupr\u00e8s de votre cible.<\/p>\n\n\n\n<h3 class=\"wp-block-heading\">Strat\u00e9gie \u00e9ditoriale sur-mesure<\/h3>\n\n\n\n<p>Nous construisons avec vous un calendrier \u00e9ditorial adapt\u00e9 \u00e0 votre activit\u00e9, vos temps forts et vos ambitions. Chaque contenu est pens\u00e9 pour r\u00e9sonner aupr\u00e8s de votre communaut\u00e9 locale, tout en servant vos objectifs de visibilit\u00e9 et de conversion. R\u00e9daction des textes, s\u00e9lection ou cr\u00e9ation des visuels, programmation des publications, gestion des interactions : nous prenons en charge l&rsquo;ensemble du processus pour que votre pr\u00e9sence sur les <strong>r\u00e9seaux sociaux<\/strong> soit v\u00e9ritablement professionnelle et efficace.<\/p>\n\n\n\n<h3 class=\"wp-block-heading\">De Haute-Goulaine \u00e0 toute la r\u00e9gion : nos zones d&rsquo;intervention<\/h3>\n\n\n\n<p>Bas\u00e9e dans la r\u00e9gion nantaise, <strong>Vys\u00e9o Communication<\/strong> intervient aupr\u00e8s de professionnels r\u00e9partis sur un large territoire lig\u00e9rien et atlantique. Nous accompagnons des clients dans les villes et territoires suivants :<\/p>\n\n\n\n<p>Nantes, Saint-S\u00e9bastien-sur-Loire, Rez\u00e9, Bouguenais, Orvault, Vertou, Cou\u00ebron, Saint-Herblain, Sainte-Luce-sur-Loire, Treilli\u00e8res, Thouar\u00e9-sur-Loire, Suc\u00e9-sur-Erdre, Sautron, Pont-Saint-Martin, Les Sorini\u00e8res, Carquefou, La Chapelle-sur-Erdre, Basse-Goulaine, <strong>Haute-Goulaine<\/strong>, Ancenis, Saint-Philbert-de-Grand-Lieu, Pays de Retz, Machecoul, Pornic, La Baule, Pornichet, Saint-Nazaire, Challans, La Roche-sur-Yon (Vend\u00e9e), Cholet (Maine-et-Loire).<\/p>\n\n\n\n<p>Cette couverture territoriale \u00e9tendue nous permet d&rsquo;intervenir aussi bien aupr\u00e8s d&rsquo;acteurs du vignoble nantais que de professionnels du littoral atlantique ou des zones urbaines de la m\u00e9tropole. Quelle que soit votre localisation, nous apportons une connaissance fine des r\u00e9alit\u00e9s locales et des attentes des client\u00e8les de chaque bassin de vie.<\/p>\n\n\n\n<h2 class=\"wp-block-heading\">Conclusion<\/h2>\n\n\n\n<p>\u00c0 <strong>Haute-Goulaine<\/strong>, la richesse du territoire est une ressource strat\u00e9gique que les professionnels locaux ont tout int\u00e9r\u00eat \u00e0 exploiter dans leur communication digitale. Les <strong>r\u00e9seaux sociaux<\/strong> offrent un espace privil\u00e9gi\u00e9 pour raconter votre histoire, affirmer vos valeurs et cr\u00e9er un lien \u00e9motionnel fort avec une client\u00e8le attach\u00e9e \u00e0 l&rsquo;authenticit\u00e9 et au local. Mais construire une image de marque coh\u00e9rente et engageante demande du temps, de la m\u00e9thode et une expertise que beaucoup de dirigeants ne peuvent consacrer seuls \u00e0 c\u00f4t\u00e9 de leur activit\u00e9 principale. <strong>Vys\u00e9o Communication<\/strong> est l\u00e0 pour vous accompagner dans cette d\u00e9marche, avec une approche personnalis\u00e9e qui respecte votre identit\u00e9 et amplifie ce qui vous rend unique.<\/p>\n\n\n\n<h2 class=\"wp-block-heading\">Affirmez votre identit\u00e9 sur les r\u00e9seaux sociaux \u00e0 Haute-Goulaine : parlons de votre projet<\/h2>\n\n\n\n<p>Vous \u00eates professionnel \u00e0 <strong>Haute-Goulaine<\/strong> et vous souhaitez faire des <strong>r\u00e9seaux sociaux<\/strong> un v\u00e9ritable reflet de votre identit\u00e9 locale ? <strong>Vys\u00e9o Communication<\/strong> vous propose un premier \u00e9change gratuit pour analyser votre situation, comprendre vos ambitions et vous soumettre des recommandations concr\u00e8tes. Ne laissez pas passer l&rsquo;opportunit\u00e9 de transformer l&rsquo;\u00e2me de votre territoire en avantage concurrentiel durable.<\/p>\n\n\n\n<p><a href=\"https:\/\/www.vyseo-communication.com\/contact-site-internet-44-29\/\" title=\"Contact site internet 44 29\">Contactez-nous d\u00e8s maintenant !<\/a><\/p>\n\n\n\n<p><\/p>\n","protected":false},"excerpt":{"rendered":"<p>Les r\u00e9seaux sociaux \u00e0 Haute-Goulaine offrent aux professionnels locaux une vitrine id\u00e9ale pour valoriser leur identit\u00e9, leur territoire et construire une image de marque authentique et m\u00e9morable.<\/p>\n","protected":false},"featured_media":0,"template":"","tags":[],"article_ref_category":[198],"class_list":["post-1352","article-ref","type-article-ref","status-publish","hentry","article_ref_category-reseaux-sociaux"],"aioseo_notices":[],"aioseo_head":"\n\t\t<!-- All in One SEO Pro 4.9.6.2 - aioseo.com -->\n\t<meta name=\"description\" content=\"Valorisez votre image de marque sur les r\u00e9seaux sociaux \u00e0 Haute-Goulaine avec Vys\u00e9o Communication. Strat\u00e9gie \u00e9ditoriale, identit\u00e9 visuelle et ancrage local.\" \/>\n\t<meta name=\"robots\" content=\"max-image-preview:large\" \/>\n\t<link rel=\"canonical\" href=\"https:\/\/www.vyseo-communication.com\/reseaux-sociaux-a-haute-goulaine-valorisez-votre-image-et-votre-ancrage-local\/\" \/>\n\t<meta name=\"generator\" content=\"All in One SEO Pro (AIOSEO) 4.9.6.2\" \/>\n\t\t<meta property=\"og:locale\" content=\"fr_FR\" \/>\n\t\t<meta property=\"og:site_name\" content=\"Vys\u00e9o Communication - Un Budget adapt\u00e9 \u00e0 Tous pour votre site Internet\" \/>\n\t\t<meta property=\"og:type\" content=\"article\" \/>\n\t\t<meta property=\"og:title\" content=\"R\u00e9seaux sociaux \u00e0 Haute-Goulaine - Vys\u00e9o Communication\" \/>\n\t\t<meta property=\"og:description\" content=\"Valorisez votre image de marque sur les r\u00e9seaux sociaux \u00e0 Haute-Goulaine avec Vys\u00e9o Communication. Strat\u00e9gie \u00e9ditoriale, identit\u00e9 visuelle et ancrage local.\" \/>\n\t\t<meta property=\"og:url\" content=\"https:\/\/www.vyseo-communication.com\/reseaux-sociaux-a-haute-goulaine-valorisez-votre-image-et-votre-ancrage-local\/\" \/>\n\t\t<meta property=\"og:image\" content=\"https:\/\/www.vyseo-communication.com\/media_files\/2025\/11\/logo-vyseo-dark.svg\" \/>\n\t\t<meta property=\"og:image:secure_url\" content=\"https:\/\/www.vyseo-communication.com\/media_files\/2025\/11\/logo-vyseo-dark.svg\" \/>\n\t\t<meta property=\"article:published_time\" content=\"2026-04-27T07:38:48+00:00\" \/>\n\t\t<meta property=\"article:modified_time\" content=\"2026-04-27T07:38:52+00:00\" \/>\n\t\t<meta property=\"article:publisher\" content=\"https:\/\/www.facebook.com\/Vyso-Communication-103944934565593\/\" \/>\n\t\t<meta name=\"twitter:card\" content=\"summary_large_image\" \/>\n\t\t<meta name=\"twitter:title\" content=\"R\u00e9seaux sociaux \u00e0 Haute-Goulaine - Vys\u00e9o Communication\" \/>\n\t\t<meta name=\"twitter:description\" content=\"Valorisez votre image de marque sur les r\u00e9seaux sociaux \u00e0 Haute-Goulaine avec Vys\u00e9o Communication. Strat\u00e9gie \u00e9ditoriale, identit\u00e9 visuelle et ancrage local.\" \/>\n\t\t<meta name=\"twitter:image\" content=\"https:\/\/www.vyseo-communication.com\/media_files\/2025\/11\/logo-vyseo-dark.svg\" \/>\n\t\t<script type=\"application\/ld+json\" class=\"aioseo-schema\">\n\t\t\t{\"@context\":\"https:\\\/\\\/schema.org\",\"@graph\":[{\"@type\":\"BreadcrumbList\",\"@id\":\"https:\\\/\\\/www.vyseo-communication.com\\\/reseaux-sociaux-a-haute-goulaine-valorisez-votre-image-et-votre-ancrage-local\\\/#breadcrumblist\",\"itemListElement\":[{\"@type\":\"ListItem\",\"@id\":\"https:\\\/\\\/www.vyseo-communication.com#listItem\",\"position\":1,\"name\":\"Home\",\"item\":\"https:\\\/\\\/www.vyseo-communication.com\",\"nextItem\":{\"@type\":\"ListItem\",\"@id\":\"https:\\\/\\\/www.vyseo-communication.com\\\/reseaux-sociaux\\\/#listItem\",\"name\":\"R\\u00e9seaux sociaux\"}},{\"@type\":\"ListItem\",\"@id\":\"https:\\\/\\\/www.vyseo-communication.com\\\/reseaux-sociaux\\\/#listItem\",\"position\":2,\"name\":\"R\\u00e9seaux sociaux\",\"item\":\"https:\\\/\\\/www.vyseo-communication.com\\\/reseaux-sociaux\\\/\",\"nextItem\":{\"@type\":\"ListItem\",\"@id\":\"https:\\\/\\\/www.vyseo-communication.com\\\/reseaux-sociaux-a-haute-goulaine-valorisez-votre-image-et-votre-ancrage-local\\\/#listItem\",\"name\":\"R\\u00e9seaux sociaux \\u00e0 Haute-Goulaine : valorisez votre image et votre ancrage local\"},\"previousItem\":{\"@type\":\"ListItem\",\"@id\":\"https:\\\/\\\/www.vyseo-communication.com#listItem\",\"name\":\"Home\"}},{\"@type\":\"ListItem\",\"@id\":\"https:\\\/\\\/www.vyseo-communication.com\\\/reseaux-sociaux-a-haute-goulaine-valorisez-votre-image-et-votre-ancrage-local\\\/#listItem\",\"position\":3,\"name\":\"R\\u00e9seaux sociaux \\u00e0 Haute-Goulaine : valorisez votre image et votre ancrage local\",\"previousItem\":{\"@type\":\"ListItem\",\"@id\":\"https:\\\/\\\/www.vyseo-communication.com\\\/reseaux-sociaux\\\/#listItem\",\"name\":\"R\\u00e9seaux sociaux\"}}]},{\"@type\":\"Organization\",\"@id\":\"https:\\\/\\\/www.vyseo-communication.com\\\/#organization\",\"name\":\"Vys\\u00e9o Communication\",\"description\":\"Un Budget adapt\\u00e9 \\u00e0 Tous pour votre site Internet\",\"url\":\"https:\\\/\\\/www.vyseo-communication.com\\\/\",\"email\":\"vyseo.communication@gmail.com\",\"telephone\":\"+33687553698\",\"logo\":{\"@type\":\"ImageObject\",\"url\":\"https:\\\/\\\/www.vyseo-communication.com\\\/wp-content\\\/uploads\\\/2025\\\/11\\\/logo-vyseo-dark.svg\",\"@id\":\"https:\\\/\\\/www.vyseo-communication.com\\\/reseaux-sociaux-a-haute-goulaine-valorisez-votre-image-et-votre-ancrage-local\\\/#organizationLogo\"},\"image\":{\"@id\":\"https:\\\/\\\/www.vyseo-communication.com\\\/reseaux-sociaux-a-haute-goulaine-valorisez-votre-image-et-votre-ancrage-local\\\/#organizationLogo\"},\"sameAs\":[\"https:\\\/\\\/www.facebook.com\\\/Vyso-Communication-103944934565593\\\/\",\"https:\\\/\\\/www.instagram.com\\\/vyseocommunication\\\/\",\"https:\\\/\\\/www.linkedin.com\\\/company\\\/vyso-communication\\\/?viewAsMember=true\"],\"address\":{\"@id\":\"https:\\\/\\\/www.vyseo-communication.com\\\/#postaladdress\",\"@type\":\"PostalAddress\",\"streetAddress\":\"1 avenue des jades,\",\"postalCode\":\"44300\",\"addressLocality\":\"Nantes\",\"addressCountry\":\"FR\"},\"taxID\":\"FR09882382518\"},{\"@type\":\"WebPage\",\"@id\":\"https:\\\/\\\/www.vyseo-communication.com\\\/reseaux-sociaux-a-haute-goulaine-valorisez-votre-image-et-votre-ancrage-local\\\/#webpage\",\"url\":\"https:\\\/\\\/www.vyseo-communication.com\\\/reseaux-sociaux-a-haute-goulaine-valorisez-votre-image-et-votre-ancrage-local\\\/\",\"name\":\"R\\u00e9seaux sociaux \\u00e0 Haute-Goulaine - Vys\\u00e9o Communication\",\"description\":\"Valorisez votre image de marque sur les r\\u00e9seaux sociaux \\u00e0 Haute-Goulaine avec Vys\\u00e9o Communication. Strat\\u00e9gie \\u00e9ditoriale, identit\\u00e9 visuelle et ancrage local.\",\"inLanguage\":\"fr-FR\",\"isPartOf\":{\"@id\":\"https:\\\/\\\/www.vyseo-communication.com\\\/#website\"},\"breadcrumb\":{\"@id\":\"https:\\\/\\\/www.vyseo-communication.com\\\/reseaux-sociaux-a-haute-goulaine-valorisez-votre-image-et-votre-ancrage-local\\\/#breadcrumblist\"},\"datePublished\":\"2026-04-27T08:38:48+01:00\",\"dateModified\":\"2026-04-27T08:38:52+01:00\"},{\"@type\":\"WebSite\",\"@id\":\"https:\\\/\\\/www.vyseo-communication.com\\\/#website\",\"url\":\"https:\\\/\\\/www.vyseo-communication.com\\\/\",\"name\":\"Vys\\u00e9o Communication\",\"description\":\"Un Budget adapt\\u00e9 \\u00e0 Tous pour votre site Internet\",\"inLanguage\":\"fr-FR\",\"publisher\":{\"@id\":\"https:\\\/\\\/www.vyseo-communication.com\\\/#organization\"}}]}\n\t\t<\/script>\n\t\t<!-- All in One SEO Pro -->\r\n\t\t<title>R\u00e9seaux sociaux \u00e0 Haute-Goulaine - Vys\u00e9o Communication<\/title>\n\n","aioseo_head_json":{"title":"R\u00e9seaux sociaux \u00e0 Haute-Goulaine - Vys\u00e9o Communication","description":"Valorisez votre image de marque sur les r\u00e9seaux sociaux \u00e0 Haute-Goulaine avec Vys\u00e9o Communication. Strat\u00e9gie \u00e9ditoriale, identit\u00e9 visuelle et ancrage local.","canonical_url":"https:\/\/www.vyseo-communication.com\/reseaux-sociaux-a-haute-goulaine-valorisez-votre-image-et-votre-ancrage-local\/","robots":"max-image-preview:large","keywords":"","webmasterTools":{"miscellaneous":""},"schema":{"@context":"https:\/\/schema.org","@graph":[{"@type":"BreadcrumbList","@id":"https:\/\/www.vyseo-communication.com\/reseaux-sociaux-a-haute-goulaine-valorisez-votre-image-et-votre-ancrage-local\/#breadcrumblist","itemListElement":[{"@type":"ListItem","@id":"https:\/\/www.vyseo-communication.com#listItem","position":1,"name":"Home","item":"https:\/\/www.vyseo-communication.com","nextItem":{"@type":"ListItem","@id":"https:\/\/www.vyseo-communication.com\/reseaux-sociaux\/#listItem","name":"R\u00e9seaux sociaux"}},{"@type":"ListItem","@id":"https:\/\/www.vyseo-communication.com\/reseaux-sociaux\/#listItem","position":2,"name":"R\u00e9seaux sociaux","item":"https:\/\/www.vyseo-communication.com\/reseaux-sociaux\/","nextItem":{"@type":"ListItem","@id":"https:\/\/www.vyseo-communication.com\/reseaux-sociaux-a-haute-goulaine-valorisez-votre-image-et-votre-ancrage-local\/#listItem","name":"R\u00e9seaux sociaux \u00e0 Haute-Goulaine : valorisez votre image et votre ancrage local"},"previousItem":{"@type":"ListItem","@id":"https:\/\/www.vyseo-communication.com#listItem","name":"Home"}},{"@type":"ListItem","@id":"https:\/\/www.vyseo-communication.com\/reseaux-sociaux-a-haute-goulaine-valorisez-votre-image-et-votre-ancrage-local\/#listItem","position":3,"name":"R\u00e9seaux sociaux \u00e0 Haute-Goulaine : valorisez votre image et votre ancrage local","previousItem":{"@type":"ListItem","@id":"https:\/\/www.vyseo-communication.com\/reseaux-sociaux\/#listItem","name":"R\u00e9seaux sociaux"}}]},{"@type":"Organization","@id":"https:\/\/www.vyseo-communication.com\/#organization","name":"Vys\u00e9o Communication","description":"Un Budget adapt\u00e9 \u00e0 Tous pour votre site Internet","url":"https:\/\/www.vyseo-communication.com\/","email":"vyseo.communication@gmail.com","telephone":"+33687553698","logo":{"@type":"ImageObject","url":"https:\/\/www.vyseo-communication.com\/media_files\/2025\/11\/logo-vyseo-dark.svg","@id":"https:\/\/www.vyseo-communication.com\/reseaux-sociaux-a-haute-goulaine-valorisez-votre-image-et-votre-ancrage-local\/#organizationLogo"},"image":{"@id":"https:\/\/www.vyseo-communication.com\/reseaux-sociaux-a-haute-goulaine-valorisez-votre-image-et-votre-ancrage-local\/#organizationLogo"},"sameAs":["https:\/\/www.facebook.com\/Vyso-Communication-103944934565593\/","https:\/\/www.instagram.com\/vyseocommunication\/","https:\/\/www.linkedin.com\/company\/vyso-communication\/?viewAsMember=true"],"address":{"@id":"https:\/\/www.vyseo-communication.com\/#postaladdress","@type":"PostalAddress","streetAddress":"1 avenue des jades,","postalCode":"44300","addressLocality":"Nantes","addressCountry":"FR"},"taxID":"FR09882382518"},{"@type":"WebPage","@id":"https:\/\/www.vyseo-communication.com\/reseaux-sociaux-a-haute-goulaine-valorisez-votre-image-et-votre-ancrage-local\/#webpage","url":"https:\/\/www.vyseo-communication.com\/reseaux-sociaux-a-haute-goulaine-valorisez-votre-image-et-votre-ancrage-local\/","name":"R\u00e9seaux sociaux \u00e0 Haute-Goulaine - Vys\u00e9o Communication","description":"Valorisez votre image de marque sur les r\u00e9seaux sociaux \u00e0 Haute-Goulaine avec Vys\u00e9o Communication. Strat\u00e9gie \u00e9ditoriale, identit\u00e9 visuelle et ancrage local.","inLanguage":"fr-FR","isPartOf":{"@id":"https:\/\/www.vyseo-communication.com\/#website"},"breadcrumb":{"@id":"https:\/\/www.vyseo-communication.com\/reseaux-sociaux-a-haute-goulaine-valorisez-votre-image-et-votre-ancrage-local\/#breadcrumblist"},"datePublished":"2026-04-27T08:38:48+01:00","dateModified":"2026-04-27T08:38:52+01:00"},{"@type":"WebSite","@id":"https:\/\/www.vyseo-communication.com\/#website","url":"https:\/\/www.vyseo-communication.com\/","name":"Vys\u00e9o Communication","description":"Un Budget adapt\u00e9 \u00e0 Tous pour votre site Internet","inLanguage":"fr-FR","publisher":{"@id":"https:\/\/www.vyseo-communication.com\/#organization"}}]},"og:locale":"fr_FR","og:site_name":"Vys\u00e9o Communication - Un Budget adapt\u00e9 \u00e0 Tous pour votre site Internet","og:type":"article","og:title":"R\u00e9seaux sociaux \u00e0 Haute-Goulaine - Vys\u00e9o Communication","og:description":"Valorisez votre image de marque sur les r\u00e9seaux sociaux \u00e0 Haute-Goulaine avec Vys\u00e9o Communication. Strat\u00e9gie \u00e9ditoriale, identit\u00e9 visuelle et ancrage local.","og:url":"https:\/\/www.vyseo-communication.com\/reseaux-sociaux-a-haute-goulaine-valorisez-votre-image-et-votre-ancrage-local\/","og:image":"https:\/\/www.vyseo-communication.com\/media_files\/2025\/11\/logo-vyseo-dark.svg","og:image:secure_url":"https:\/\/www.vyseo-communication.com\/media_files\/2025\/11\/logo-vyseo-dark.svg","article:published_time":"2026-04-27T07:38:48+00:00","article:modified_time":"2026-04-27T07:38:52+00:00","article:publisher":"https:\/\/www.facebook.com\/Vyso-Communication-103944934565593\/","twitter:card":"summary_large_image","twitter:title":"R\u00e9seaux sociaux \u00e0 Haute-Goulaine - Vys\u00e9o Communication","twitter:description":"Valorisez votre image de marque sur les r\u00e9seaux sociaux \u00e0 Haute-Goulaine avec Vys\u00e9o Communication. Strat\u00e9gie \u00e9ditoriale, identit\u00e9 visuelle et ancrage local.","twitter:image":"https:\/\/www.vyseo-communication.com\/media_files\/2025\/11\/logo-vyseo-dark.svg"},"aioseo_meta_data":{"post_id":"1352","title":"R\u00e9seaux sociaux \u00e0 Haute-Goulaine #separator_sa #site_title","description":"Valorisez votre image de marque sur les r\u00e9seaux sociaux \u00e0 Haute-Goulaine avec Vys\u00e9o Communication. Strat\u00e9gie \u00e9ditoriale, identit\u00e9 visuelle et ancrage local.","keywords":null,"keyphrases":{"focus":{"keyphrase":"R\u00e9seaux sociaux \u00e0 Haute-Goulaine","score":75,"analysis":{"keyphraseInTitle":{"score":9,"maxScore":9,"error":0},"keyphraseInDescription":{"score":9,"maxScore":9,"error":0},"keyphraseLength":{"score":9,"maxScore":9,"error":0,"length":4},"keyphraseInURL":{"score":5,"maxScore":5,"error":0},"keyphraseInIntroduction":{"score":9,"maxScore":9,"error":0},"keyphraseInSubHeadings":{"score":3,"maxScore":9,"error":1},"keyphraseInImageAlt":[],"keywordDensity":{"score":0,"type":"low","maxScore":9,"error":1}}},"additional":[]},"primary_term":null,"canonical_url":null,"og_title":null,"og_description":null,"og_object_type":"default","og_image_type":"default","og_image_url":null,"og_image_width":null,"og_image_height":null,"og_image_custom_url":null,"og_image_custom_fields":null,"og_video":"","og_custom_url":null,"og_article_section":null,"og_article_tags":null,"twitter_use_og":false,"twitter_card":"default","twitter_image_type":"default","twitter_image_url":null,"twitter_image_custom_url":null,"twitter_image_custom_fields":null,"twitter_title":null,"twitter_description":null,"schema":{"blockGraphs":[],"customGraphs":[],"default":{"data":{"Article":[],"Course":[],"Dataset":[],"FAQPage":[],"Movie":[],"Person":[],"Product":[],"ProductReview":[],"Car":[],"Recipe":[],"Service":[],"SoftwareApplication":[],"WebPage":[]},"graphName":"WebPage","isEnabled":true},"graphs":[]},"schema_type":"default","schema_type_options":null,"pillar_content":false,"robots_default":true,"robots_noindex":false,"robots_noarchive":false,"robots_nosnippet":false,"robots_nofollow":false,"robots_noimageindex":false,"robots_noodp":false,"robots_notranslate":false,"robots_max_snippet":"-1","robots_max_videopreview":"-1","robots_max_imagepreview":"large","priority":null,"frequency":"default","local_seo":null,"seo_analyzer_scan_date":"2026-04-27 08:28:48","breadcrumb_settings":null,"limit_modified_date":false,"reviewed_by":"0","open_ai":null,"ai":{"faqs":[],"keyPoints":[],"schemas":[],"titles":[],"descriptions":[],"socialPosts":{"email":[],"linkedin":[],"twitter":[],"facebook":[],"instagram":[]}},"created":"2026-04-27 07:33:55","updated":"2026-04-27 08:28:48"},"aioseo_breadcrumb":"<div class=\"aioseo-breadcrumbs\"><span class=\"aioseo-breadcrumb\">\n\t<a href=\"https:\/\/www.vyseo-communication.com\" title=\"Home\">Home<\/a>\n<\/span><span class=\"aioseo-breadcrumb-separator\">&raquo;<\/span><span class=\"aioseo-breadcrumb\">\n\t<a href=\"https:\/\/www.vyseo-communication.com\/reseaux-sociaux\/\" title=\"R\u00e9seaux sociaux\">R\u00e9seaux sociaux<\/a>\n<\/span><span class=\"aioseo-breadcrumb-separator\">&raquo;<\/span><span class=\"aioseo-breadcrumb\">\n\tR\u00e9seaux sociaux \u00e0 Haute-Goulaine : valorisez votre image et votre ancrage local\n<\/span><\/div>","aioseo_breadcrumb_json":[{"label":"Home","link":"https:\/\/www.vyseo-communication.com"},{"label":"R\u00e9seaux sociaux","link":"https:\/\/www.vyseo-communication.com\/reseaux-sociaux\/"},{"label":"R\u00e9seaux sociaux \u00e0 Haute-Goulaine : valorisez votre image et votre ancrage local","link":"https:\/\/www.vyseo-communication.com\/reseaux-sociaux-a-haute-goulaine-valorisez-votre-image-et-votre-ancrage-local\/"}],"_links":{"self":[{"href":"https:\/\/www.vyseo-communication.com\/api-json\/wp\/v2\/article-ref\/1352","targetHints":{"allow":["GET"]}}],"collection":[{"href":"https:\/\/www.vyseo-communication.com\/api-json\/wp\/v2\/article-ref"}],"about":[{"href":"https:\/\/www.vyseo-communication.com\/api-json\/wp\/v2\/types\/article-ref"}],"version-history":[{"count":1,"href":"https:\/\/www.vyseo-communication.com\/api-json\/wp\/v2\/article-ref\/1352\/revisions"}],"predecessor-version":[{"id":1353,"href":"https:\/\/www.vyseo-communication.com\/api-json\/wp\/v2\/article-ref\/1352\/revisions\/1353"}],"wp:attachment":[{"href":"https:\/\/www.vyseo-communication.com\/api-json\/wp\/v2\/media?parent=1352"}],"wp:term":[{"taxonomy":"post_tag","embeddable":true,"href":"https:\/\/www.vyseo-communication.com\/api-json\/wp\/v2\/tags?post=1352"},{"taxonomy":"article_ref_category","embeddable":true,"href":"https:\/\/www.vyseo-communication.com\/api-json\/wp\/v2\/article_ref_category?post=1352"}],"curies":[{"name":"wp","href":"https:\/\/api.w.org\/{rel}","templated":true}]}}